{"id":11559,"date":"2026-09-01T18:21:47","date_gmt":"2026-09-01T21:21:47","guid":{"rendered":"https:\/\/ies9009-infd.mendoza.edu.ar\/sitio\/?p=11559"},"modified":"2026-09-01T18:32:17","modified_gmt":"2026-09-01T21:32:17","slug":"salida-con-profesorado-de-educacion-especial","status":"publish","type":"post","link":"https:\/\/ies9009-infd.mendoza.edu.ar\/sitio\/salida-con-profesorado-de-educacion-especial\/","title":{"rendered":"Salida con Profesorado de Educaci\u00f3n Especial y T. Dise\u00f1o Multimedial"},"content":{"rendered":"\n<p>El Profesorado de Educaci\u00f3n Especial visit\u00f3 los museos del Valle de Uco; adem\u00e1s del aprendizaje propio de la salida, la misma servir\u00e1 de insumo para un proyecto de Investigaci\u00f3n sobre mediciones de la accesibilidad en sitios p\u00fablicos, dirigido por la profe Esteraliza Martinez.<br>A la salida se sum\u00f3 Dise\u00f1o Multimedial .<\/p>\n\n\n\n<figure class=\"wp-block-image size-full\"><img decoding=\"async\" loading=\"lazy\" width=\"1600\" height=\"739\" src=\"https:\/\/ies9009-infd.mendoza.edu.ar\/sitio\/wp-content\/uploads\/2026\/09\/WhatsApp-Image-2026-09-01-at-6.10.53-PM-1.jpeg\" alt=\"\" class=\"wp-image-11561\" srcset=\"https:\/\/ies9009-infd.mendoza.edu.ar\/sitio\/wp-content\/uploads\/2026\/09\/WhatsApp-Image-2026-09-01-at-6.10.53-PM-1.jpeg 1600w, https:\/\/ies9009-infd.mendoza.edu.ar\/sitio\/wp-content\/uploads\/2026\/09\/WhatsApp-Image-2026-09-01-at-6.10.53-PM-1-1000x462.jpeg 1000w, https:\/\/ies9009-infd.mendoza.edu.ar\/sitio\/wp-content\/uploads\/2026\/09\/WhatsApp-Image-2026-09-01-at-6.10.53-PM-1-768x355.jpeg 768w, https:\/\/ies9009-infd.mendoza.edu.ar\/sitio\/wp-content\/uploads\/2026\/09\/WhatsApp-Image-2026-09-01-at-6.10.53-PM-1-1536x709.jpeg 1536w\" sizes=\"(max-width: 1600px) 100vw, 1600px\" \/><\/figure>\n","protected":false},"excerpt":{"rendered":"<p>El Profesorado de Educaci\u00f3n Especial visit\u00f3 los museos del Valle de Uco; adem\u00e1s del aprendizaje propio de la salida, la misma servir\u00e1 de insumo para un proyecto de Investigaci\u00f3n sobre mediciones de la accesibilidad en sitios p\u00fablicos, dirigido por la profe Esteraliza Martinez.A la salida se sum\u00f3 Dise\u00f1o Multimedial .<\/p>\n","protected":false},"author":1635,"featured_media":11560,"comment_status":"closed","ping_status":"open","sticky":false,"template":"","format":"standard","meta":[],"categories":[1],"tags":[],"acf":[],"_links":{"self":[{"href":"https:\/\/ies9009-infd.mendoza.edu.ar\/sitio\/wp-json\/wp\/v2\/posts\/11559"}],"collection":[{"href":"https:\/\/ies9009-infd.mendoza.edu.ar\/sitio\/wp-json\/wp\/v2\/posts"}],"about":[{"href":"https:\/\/ies9009-infd.mendoza.edu.ar\/sitio\/wp-json\/wp\/v2\/types\/post"}],"author":[{"embeddable":true,"href":"https:\/\/ies9009-infd.mendoza.edu.ar\/sitio\/wp-json\/wp\/v2\/users\/1635"}],"replies":[{"embeddable":true,"href":"https:\/\/ies9009-infd.mendoza.edu.ar\/sitio\/wp-json\/wp\/v2\/comments?post=11559"}],"version-history":[{"count":3,"href":"https:\/\/ies9009-infd.mendoza.edu.ar\/sitio\/wp-json\/wp\/v2\/posts\/11559\/revisions"}],"predecessor-version":[{"id":11565,"href":"https:\/\/ies9009-infd.mendoza.edu.ar\/sitio\/wp-json\/wp\/v2\/posts\/11559\/revisions\/11565"}],"wp:featuredmedia":[{"embeddable":true,"href":"https:\/\/ies9009-infd.mendoza.edu.ar\/sitio\/wp-json\/wp\/v2\/media\/11560"}],"wp:attachment":[{"href":"https:\/\/ies9009-infd.mendoza.edu.ar\/sitio\/wp-json\/wp\/v2\/media?parent=11559"}],"wp:term":[{"taxonomy":"category","embeddable":true,"href":"https:\/\/ies9009-infd.mendoza.edu.ar\/sitio\/wp-json\/wp\/v2\/categories?post=11559"},{"taxonomy":"post_tag","embeddable":true,"href":"https:\/\/ies9009-infd.mendoza.edu.ar\/sitio\/wp-json\/wp\/v2\/tags?post=11559"}],"curies":[{"name":"wp","href":"https:\/\/api.w.org\/{rel}","templated":true}]}}