{"id":11608,"date":"2026-09-04T17:48:01","date_gmt":"2026-09-04T20:48:01","guid":{"rendered":"https:\/\/ies9009-infd.mendoza.edu.ar\/sitio\/?p=11608"},"modified":"2026-09-04T17:50:19","modified_gmt":"2026-09-04T20:50:19","slug":"salida-educativa-de-turismo-y-hoteleria","status":"publish","type":"post","link":"https:\/\/ies9009-infd.mendoza.edu.ar\/sitio\/salida-educativa-de-turismo-y-hoteleria\/","title":{"rendered":"Salida educativa de Turismo y Hoteler\u00eda"},"content":{"rendered":"\n<p>Los estudiantes de 2\u00b0a\u00f1o de la T.S. en Turismo y Hoteler\u00eda, UA Tunuy\u00e1n, realizaron una salida educativa al 7\u00b0 Foro \u00abOrigen e identidad gastron\u00f3mica\u00bb en San Martin. En el marco del espacio curricular Gesti\u00f3n p\u00fablica del turismo.<br>Acompa\u00f1aron la docente Elizabeth Marincak, Coordinadora Angelina Cassatta y la Vicerrectora Claudia Gamboa<\/p>\n\n\n\n<div class=\"wp-block-columns is-layout-flex wp-container-4\">\n<div class=\"wp-block-column is-layout-flow\">\n<figure class=\"wp-block-image size-full\"><img decoding=\"async\" loading=\"lazy\" width=\"900\" height=\"1600\" src=\"https:\/\/ies9009-infd.mendoza.edu.ar\/sitio\/wp-content\/uploads\/2026\/09\/WhatsApp-Image-2026-09-04-at-5.44.57-PM-1.jpeg\" alt=\"\" class=\"wp-image-11609\" srcset=\"https:\/\/ies9009-infd.mendoza.edu.ar\/sitio\/wp-content\/uploads\/2026\/09\/WhatsApp-Image-2026-09-04-at-5.44.57-PM-1.jpeg 900w, https:\/\/ies9009-infd.mendoza.edu.ar\/sitio\/wp-content\/uploads\/2026\/09\/WhatsApp-Image-2026-09-04-at-5.44.57-PM-1-563x1000.jpeg 563w, https:\/\/ies9009-infd.mendoza.edu.ar\/sitio\/wp-content\/uploads\/2026\/09\/WhatsApp-Image-2026-09-04-at-5.44.57-PM-1-768x1365.jpeg 768w, https:\/\/ies9009-infd.mendoza.edu.ar\/sitio\/wp-content\/uploads\/2026\/09\/WhatsApp-Image-2026-09-04-at-5.44.57-PM-1-864x1536.jpeg 864w\" sizes=\"(max-width: 900px) 100vw, 900px\" \/><\/figure>\n<\/div>\n\n\n\n<div class=\"wp-block-column is-layout-flow\">\n<figure class=\"wp-block-image size-full\"><img decoding=\"async\" loading=\"lazy\" width=\"900\" height=\"1600\" src=\"https:\/\/ies9009-infd.mendoza.edu.ar\/sitio\/wp-content\/uploads\/2026\/09\/WhatsApp-Image-2026-09-04-at-5.44.57-PM.jpeg\" alt=\"\" class=\"wp-image-11610\" srcset=\"https:\/\/ies9009-infd.mendoza.edu.ar\/sitio\/wp-content\/uploads\/2026\/09\/WhatsApp-Image-2026-09-04-at-5.44.57-PM.jpeg 900w, https:\/\/ies9009-infd.mendoza.edu.ar\/sitio\/wp-content\/uploads\/2026\/09\/WhatsApp-Image-2026-09-04-at-5.44.57-PM-563x1000.jpeg 563w, https:\/\/ies9009-infd.mendoza.edu.ar\/sitio\/wp-content\/uploads\/2026\/09\/WhatsApp-Image-2026-09-04-at-5.44.57-PM-768x1365.jpeg 768w, https:\/\/ies9009-infd.mendoza.edu.ar\/sitio\/wp-content\/uploads\/2026\/09\/WhatsApp-Image-2026-09-04-at-5.44.57-PM-864x1536.jpeg 864w\" sizes=\"(max-width: 900px) 100vw, 900px\" \/><\/figure>\n<\/div>\n\n\n\n<div class=\"wp-block-column is-layout-flow\">\n<figure class=\"wp-block-image size-full\"><img decoding=\"async\" loading=\"lazy\" width=\"900\" height=\"1600\" src=\"https:\/\/ies9009-infd.mendoza.edu.ar\/sitio\/wp-content\/uploads\/2026\/09\/WhatsApp-Image-2026-09-04-at-5.44.56-PM-1.jpeg\" alt=\"\" class=\"wp-image-11611\" srcset=\"https:\/\/ies9009-infd.mendoza.edu.ar\/sitio\/wp-content\/uploads\/2026\/09\/WhatsApp-Image-2026-09-04-at-5.44.56-PM-1.jpeg 900w, https:\/\/ies9009-infd.mendoza.edu.ar\/sitio\/wp-content\/uploads\/2026\/09\/WhatsApp-Image-2026-09-04-at-5.44.56-PM-1-563x1000.jpeg 563w, https:\/\/ies9009-infd.mendoza.edu.ar\/sitio\/wp-content\/uploads\/2026\/09\/WhatsApp-Image-2026-09-04-at-5.44.56-PM-1-768x1365.jpeg 768w, https:\/\/ies9009-infd.mendoza.edu.ar\/sitio\/wp-content\/uploads\/2026\/09\/WhatsApp-Image-2026-09-04-at-5.44.56-PM-1-864x1536.jpeg 864w\" sizes=\"(max-width: 900px) 100vw, 900px\" \/><\/figure>\n<\/div>\n<\/div>\n\n\n\n<div class=\"wp-block-columns is-layout-flex wp-container-8\">\n<div class=\"wp-block-column is-layout-flow\">\n<figure class=\"wp-block-image size-full\"><img decoding=\"async\" loading=\"lazy\" width=\"737\" height=\"1600\" src=\"https:\/\/ies9009-infd.mendoza.edu.ar\/sitio\/wp-content\/uploads\/2026\/09\/WhatsApp-Image-2026-09-04-at-5.44.56-PM.jpeg\" alt=\"\" class=\"wp-image-11612\" srcset=\"https:\/\/ies9009-infd.mendoza.edu.ar\/sitio\/wp-content\/uploads\/2026\/09\/WhatsApp-Image-2026-09-04-at-5.44.56-PM.jpeg 737w, https:\/\/ies9009-infd.mendoza.edu.ar\/sitio\/wp-content\/uploads\/2026\/09\/WhatsApp-Image-2026-09-04-at-5.44.56-PM-461x1000.jpeg 461w, https:\/\/ies9009-infd.mendoza.edu.ar\/sitio\/wp-content\/uploads\/2026\/09\/WhatsApp-Image-2026-09-04-at-5.44.56-PM-708x1536.jpeg 708w\" sizes=\"(max-width: 737px) 100vw, 737px\" \/><\/figure>\n<\/div>\n\n\n\n<div class=\"wp-block-column is-layout-flow\">\n<figure class=\"wp-block-image size-full\"><img decoding=\"async\" loading=\"lazy\" width=\"900\" height=\"1600\" src=\"https:\/\/ies9009-infd.mendoza.edu.ar\/sitio\/wp-content\/uploads\/2026\/09\/WhatsApp-Image-2026-09-04-at-5.44.55-PM-1.jpeg\" alt=\"\" class=\"wp-image-11613\" srcset=\"https:\/\/ies9009-infd.mendoza.edu.ar\/sitio\/wp-content\/uploads\/2026\/09\/WhatsApp-Image-2026-09-04-at-5.44.55-PM-1.jpeg 900w, https:\/\/ies9009-infd.mendoza.edu.ar\/sitio\/wp-content\/uploads\/2026\/09\/WhatsApp-Image-2026-09-04-at-5.44.55-PM-1-563x1000.jpeg 563w, https:\/\/ies9009-infd.mendoza.edu.ar\/sitio\/wp-content\/uploads\/2026\/09\/WhatsApp-Image-2026-09-04-at-5.44.55-PM-1-768x1365.jpeg 768w, https:\/\/ies9009-infd.mendoza.edu.ar\/sitio\/wp-content\/uploads\/2026\/09\/WhatsApp-Image-2026-09-04-at-5.44.55-PM-1-864x1536.jpeg 864w\" sizes=\"(max-width: 900px) 100vw, 900px\" \/><\/figure>\n<\/div>\n\n\n\n<div class=\"wp-block-column is-layout-flow\"><\/div>\n<\/div>\n","protected":false},"excerpt":{"rendered":"<p>Los estudiantes de 2\u00b0a\u00f1o de la T.S. en Turismo y Hoteler\u00eda, UA Tunuy\u00e1n, realizaron una salida educativa al 7\u00b0 Foro \u00abOrigen e identidad gastron\u00f3mica\u00bb en San Martin. En el marco del espacio curricular Gesti\u00f3n p\u00fablica del turismo.Acompa\u00f1aron la docente Elizabeth Marincak, Coordinadora Angelina Cassatta y la Vicerrectora Claudia Gamboa<\/p>\n","protected":false},"author":1635,"featured_media":11615,"comment_status":"closed","ping_status":"open","sticky":false,"template":"","format":"standard","meta":[],"categories":[1],"tags":[],"acf":[],"_links":{"self":[{"href":"https:\/\/ies9009-infd.mendoza.edu.ar\/sitio\/wp-json\/wp\/v2\/posts\/11608"}],"collection":[{"href":"https:\/\/ies9009-infd.mendoza.edu.ar\/sitio\/wp-json\/wp\/v2\/posts"}],"about":[{"href":"https:\/\/ies9009-infd.mendoza.edu.ar\/sitio\/wp-json\/wp\/v2\/types\/post"}],"author":[{"embeddable":true,"href":"https:\/\/ies9009-infd.mendoza.edu.ar\/sitio\/wp-json\/wp\/v2\/users\/1635"}],"replies":[{"embeddable":true,"href":"https:\/\/ies9009-infd.mendoza.edu.ar\/sitio\/wp-json\/wp\/v2\/comments?post=11608"}],"version-history":[{"count":1,"href":"https:\/\/ies9009-infd.mendoza.edu.ar\/sitio\/wp-json\/wp\/v2\/posts\/11608\/revisions"}],"predecessor-version":[{"id":11614,"href":"https:\/\/ies9009-infd.mendoza.edu.ar\/sitio\/wp-json\/wp\/v2\/posts\/11608\/revisions\/11614"}],"wp:featuredmedia":[{"embeddable":true,"href":"https:\/\/ies9009-infd.mendoza.edu.ar\/sitio\/wp-json\/wp\/v2\/media\/11615"}],"wp:attachment":[{"href":"https:\/\/ies9009-infd.mendoza.edu.ar\/sitio\/wp-json\/wp\/v2\/media?parent=11608"}],"wp:term":[{"taxonomy":"category","embeddable":true,"href":"https:\/\/ies9009-infd.mendoza.edu.ar\/sitio\/wp-json\/wp\/v2\/categories?post=11608"},{"taxonomy":"post_tag","embeddable":true,"href":"https:\/\/ies9009-infd.mendoza.edu.ar\/sitio\/wp-json\/wp\/v2\/tags?post=11608"}],"curies":[{"name":"wp","href":"https:\/\/api.w.org\/{rel}","templated":true}]}}