{"id":1197,"date":"2017-10-12T01:14:00","date_gmt":"2017-10-11T22:14:00","guid":{"rendered":"https:\/\/ies9009-mza.infd.edu.ar\/sitio\/trabajo-en-redes\/"},"modified":"2020-02-21T14:57:33","modified_gmt":"2020-02-21T17:57:33","slug":"trabajo-en-redes","status":"publish","type":"post","link":"https:\/\/ies9009-infd.mendoza.edu.ar\/sitio\/trabajo-en-redes\/","title":{"rendered":"TRABAJO EN REDES"},"content":{"rendered":"<p style=\"margin: 0cm 0cm 4.5pt; background-image: initial; background-position: initial; background-size: initial; background-repeat: initial; background-attachment: initial; background-origin: initial; background-clip: initial;\"><span style=\"font-size: 11.0pt; font-family: 'Arial','sans-serif'; color: #1d2129;\">Desde la <em><strong>ESPECIALIZACI\u00d3N SUPERIOR DOCENTE EN ATENCI\u00d3N A LA DIVERSIDAD,<\/strong><\/em> se llev\u00f3 a cabo una actividad organizada en conjunto por la Coordinadora Prof. Luz Mar\u00eda Castro y la Profesora Flavia Candill\u00fa.<\/span><\/p>\n<p style=\"margin: 0cm 0cm 4.5pt; background-image: initial; background-position: initial; background-size: initial; background-repeat: initial; background-attachment: initial; background-origin: initial; background-clip: initial;\"><span style=\"font-size: 11.0pt; font-family: 'Arial','sans-serif'; color: #1d2129;\"><img decoding=\"async\" loading=\"lazy\" style=\"display: block; margin-left: auto; margin-right: auto;\" src=\"https:\/\/ies9009-infd.mendoza.edu.ar\/sitio\/wp-content\/uploads\/2018\/06\/Trabajo_en_redes2.jpg\" alt=\"\" width=\"337\" height=\"225\" border=\"0\" \/><\/span><\/p>\n<p style=\"margin: 4.5pt 0cm; background-image: initial; background-position: initial; background-size: initial; background-repeat: initial; background-attachment: initial; background-origin: initial; background-clip: initial;\"><span style=\"font-size: 11.0pt; font-family: 'Arial','sans-serif'; color: #1d2129;\">Nos visitaron\u00a0<strong><em>AGUST\u00cdN GUILLOT<\/em> <\/strong>(Gu\u00eda de Alta Monta\u00f1a) y <strong><em>AUGUSTO ALONSO<\/em><\/strong> (integrante de la Selecci\u00f3n Argentina de F\u00fatbol). Ambos de la Subsecreatr\u00eda de Deportes, nos brindaron la charla: <strong><em>\u00abSIN L\u00cdMITES\u00bb<\/em><\/strong>, bas\u00e1ndose en su historia de vida, a partir de que adquirieron una discapacidad.<\/span><\/p>\n<p style=\"margin: 4.5pt 0cm; background-image: initial; background-position: initial; background-size: initial; background-repeat: initial; background-attachment: initial; background-origin: initial; background-clip: initial;\"><span style=\"font-size: 11.0pt; font-family: 'Arial','sans-serif'; color: #1d2129;\"><img decoding=\"async\" loading=\"lazy\" style=\"display: block; margin-left: auto; margin-right: auto;\" src=\"https:\/\/ies9009-infd.mendoza.edu.ar\/sitio\/wp-content\/uploads\/2018\/06\/Trabajo_en_redes1.jpg\" alt=\"\" width=\"351\" height=\"234\" border=\"0\" \/><\/span><\/p>\n<p style=\"margin: 0cm 0cm 4.5pt; background-image: initial; background-position: initial; background-size: initial; background-repeat: initial; background-attachment: initial; background-origin: initial; background-clip: initial;\"><span style=\"font-size: 11.0pt; font-family: 'Arial','sans-serif'; color: #1d2129;\"><em><strong>JUAN PINNA y FLAVIA CANDILL\u00da,\u00a0<\/strong><\/em>Profesores del \u00c1rea de Deporte de la Municipalidad de Tupungato, en Actividades Deportivas Adaptadas,\u00a0<em><strong> KAREN TASSI,<\/strong><\/em> integrante de la Selecci\u00f3n Argentina Juvenil de Atletismo de Par\u00e1lisis Cerebral. Todos nos brindaron la charla: <em><strong>\u00abLA INCLUSI\u00d3N A TRAV\u00c9S DEL DEPORTE\u00bb.<\/strong><\/em><\/span><\/p>\n<p>&nbsp;<\/p>\n<p style=\"margin: 4.5pt 0cm; background-image: initial; background-position: initial; background-size: initial; background-repeat: initial; background-attachment: initial; background-origin: initial; background-clip: initial;\"><span style=\"font-size: 11.0pt; font-family: 'Arial','sans-serif'; color: #1d2129;\"><img decoding=\"async\" loading=\"lazy\" style=\"display: block; margin-left: auto; margin-right: auto;\" src=\"https:\/\/ies9009-infd.mendoza.edu.ar\/sitio\/wp-content\/uploads\/2018\/06\/Trabajo_en_redes3.jpg\" alt=\"\" width=\"362\" height=\"241\" border=\"0\" \/><br \/>\n<\/span><\/p>\n","protected":false},"excerpt":{"rendered":"<p>Desde la ESPECIALIZACI\u00d3N SUPERIOR DOCENTE EN ATENCI\u00d3N A LA DIVERSIDAD, se llev\u00f3 a cabo una actividad organizada en conjunto por la Coordinadora Prof. Luz Mar\u00eda Castro y la Profesora Flavia Candill\u00fa. Nos visitaron\u00a0AGUST\u00cdN GUILLOT (Gu\u00eda de Alta Monta\u00f1a) y AUGUSTO ALONSO (integrante de la Selecci\u00f3n Argentina de F\u00fatbol). Ambos de la Subsecreatr\u00eda de Deportes, nos &#8230; <a title=\"TRABAJO EN REDES\" class=\"read-more\" href=\"https:\/\/ies9009-infd.mendoza.edu.ar\/sitio\/trabajo-en-redes\/\" aria-label=\"More on TRABAJO EN REDES\">[+]<\/a><\/p>\n","protected":false},"author":1635,"featured_media":0,"comment_status":"closed","ping_status":"open","sticky":false,"template":"","format":"standard","meta":[],"categories":[30],"tags":[],"acf":[],"_links":{"self":[{"href":"https:\/\/ies9009-infd.mendoza.edu.ar\/sitio\/wp-json\/wp\/v2\/posts\/1197"}],"collection":[{"href":"https:\/\/ies9009-infd.mendoza.edu.ar\/sitio\/wp-json\/wp\/v2\/posts"}],"about":[{"href":"https:\/\/ies9009-infd.mendoza.edu.ar\/sitio\/wp-json\/wp\/v2\/types\/post"}],"author":[{"embeddable":true,"href":"https:\/\/ies9009-infd.mendoza.edu.ar\/sitio\/wp-json\/wp\/v2\/users\/1635"}],"replies":[{"embeddable":true,"href":"https:\/\/ies9009-infd.mendoza.edu.ar\/sitio\/wp-json\/wp\/v2\/comments?post=1197"}],"version-history":[{"count":1,"href":"https:\/\/ies9009-infd.mendoza.edu.ar\/sitio\/wp-json\/wp\/v2\/posts\/1197\/revisions"}],"predecessor-version":[{"id":3421,"href":"https:\/\/ies9009-infd.mendoza.edu.ar\/sitio\/wp-json\/wp\/v2\/posts\/1197\/revisions\/3421"}],"wp:attachment":[{"href":"https:\/\/ies9009-infd.mendoza.edu.ar\/sitio\/wp-json\/wp\/v2\/media?parent=1197"}],"wp:term":[{"taxonomy":"category","embeddable":true,"href":"https:\/\/ies9009-infd.mendoza.edu.ar\/sitio\/wp-json\/wp\/v2\/categories?post=1197"},{"taxonomy":"post_tag","embeddable":true,"href":"https:\/\/ies9009-infd.mendoza.edu.ar\/sitio\/wp-json\/wp\/v2\/tags?post=1197"}],"curies":[{"name":"wp","href":"https:\/\/api.w.org\/{rel}","templated":true}]}}