{"id":1225,"date":"2018-06-22T00:00:00","date_gmt":"2018-06-21T21:00:00","guid":{"rendered":"https:\/\/ies9009-mza.infd.edu.ar\/sitio\/nuevos-graduados-6\/"},"modified":"2020-02-21T14:57:32","modified_gmt":"2020-02-21T17:57:32","slug":"nuevos-graduados-6","status":"publish","type":"post","link":"https:\/\/ies9009-infd.mendoza.edu.ar\/sitio\/nuevos-graduados-6\/","title":{"rendered":"\u00a1NUEVOS GRADUADOS!"},"content":{"rendered":"<p class=\"MsoNormal\" style=\"margin-bottom: 4.5pt; line-height: normal; background: white;\"><span style=\"color: #1d2129;\"><em><strong>Seguimos festejando y celebramos con orgullo junto a nuestros nuevos graduados:<\/strong><\/em><br \/>\n<\/span><\/p>\n<ul>\n<li>T\u00e9cnico Superior en Gesti\u00f3n de Empresas: Jonathan Guerra<\/li>\n<li>Profesora de Educaci\u00f3n Primaria: \u00c9rica Bustos<\/li>\n<li>Profesora de Educaci\u00f3n Primaria: Romina Ortega<\/li>\n<li>T\u00e9cnica Superior en Turismo: Claudia Maya<\/li>\n<li>Profesora de Educaci\u00f3n Secundaria en Qu\u00edmica: Nahir Taranto<\/li>\n<li>Profesora de Educaci\u00f3n Especial con orientaci\u00f3n en Discapacidad Intelectual: Ana L\u00f3pez<\/li>\n<li>Profesora de Educaci\u00f3n Especial con orientaci\u00f3n en Discapacidad Intelectual:<span style=\"color: #333333;\">Yanina Mi\u00f1o.<\/span><\/li>\n<\/ul>\n<p><span style=\"font-size: 10pt; color: #333333;\"><img decoding=\"async\" src=\"https:\/\/ies9009-infd.mendoza.edu.ar\/sitio\/wp-content\/uploads\/2018\/06\/Graduados_gif.gif\" alt=\"\" border=\"0\" \/><\/span><\/p>\n","protected":false},"excerpt":{"rendered":"<p>Seguimos festejando y celebramos con orgullo junto a nuestros nuevos graduados: T\u00e9cnico Superior en Gesti\u00f3n de Empresas: Jonathan Guerra Profesora de Educaci\u00f3n Primaria: \u00c9rica Bustos Profesora de Educaci\u00f3n Primaria: Romina Ortega T\u00e9cnica Superior en Turismo: Claudia Maya Profesora de Educaci\u00f3n Secundaria en Qu\u00edmica: Nahir Taranto Profesora de Educaci\u00f3n Especial con orientaci\u00f3n en Discapacidad Intelectual: Ana &#8230; <a title=\"\u00a1NUEVOS GRADUADOS!\" class=\"read-more\" href=\"https:\/\/ies9009-infd.mendoza.edu.ar\/sitio\/nuevos-graduados-6\/\" aria-label=\"More on \u00a1NUEVOS GRADUADOS!\">[+]<\/a><\/p>\n","protected":false},"author":1635,"featured_media":0,"comment_status":"closed","ping_status":"open","sticky":false,"template":"","format":"standard","meta":[],"categories":[24],"tags":[],"acf":[],"_links":{"self":[{"href":"https:\/\/ies9009-infd.mendoza.edu.ar\/sitio\/wp-json\/wp\/v2\/posts\/1225"}],"collection":[{"href":"https:\/\/ies9009-infd.mendoza.edu.ar\/sitio\/wp-json\/wp\/v2\/posts"}],"about":[{"href":"https:\/\/ies9009-infd.mendoza.edu.ar\/sitio\/wp-json\/wp\/v2\/types\/post"}],"author":[{"embeddable":true,"href":"https:\/\/ies9009-infd.mendoza.edu.ar\/sitio\/wp-json\/wp\/v2\/users\/1635"}],"replies":[{"embeddable":true,"href":"https:\/\/ies9009-infd.mendoza.edu.ar\/sitio\/wp-json\/wp\/v2\/comments?post=1225"}],"version-history":[{"count":1,"href":"https:\/\/ies9009-infd.mendoza.edu.ar\/sitio\/wp-json\/wp\/v2\/posts\/1225\/revisions"}],"predecessor-version":[{"id":2330,"href":"https:\/\/ies9009-infd.mendoza.edu.ar\/sitio\/wp-json\/wp\/v2\/posts\/1225\/revisions\/2330"}],"wp:attachment":[{"href":"https:\/\/ies9009-infd.mendoza.edu.ar\/sitio\/wp-json\/wp\/v2\/media?parent=1225"}],"wp:term":[{"taxonomy":"category","embeddable":true,"href":"https:\/\/ies9009-infd.mendoza.edu.ar\/sitio\/wp-json\/wp\/v2\/categories?post=1225"},{"taxonomy":"post_tag","embeddable":true,"href":"https:\/\/ies9009-infd.mendoza.edu.ar\/sitio\/wp-json\/wp\/v2\/tags?post=1225"}],"curies":[{"name":"wp","href":"https:\/\/api.w.org\/{rel}","templated":true}]}}