{"id":3657,"date":"2018-09-25T22:24:33","date_gmt":"2018-09-26T01:24:33","guid":{"rendered":"https:\/\/ies9009-mza.infd.edu.ar\/sitio\/?p=3657"},"modified":"2020-02-21T14:57:32","modified_gmt":"2020-02-21T17:57:32","slug":"cambio-de-abanderados-y-escoltas-u-a-tunuyan","status":"publish","type":"post","link":"https:\/\/ies9009-infd.mendoza.edu.ar\/sitio\/cambio-de-abanderados-y-escoltas-u-a-tunuyan\/","title":{"rendered":"Cambio de Abanderados y Escoltas U. A. Tunuy\u00e1n"},"content":{"rendered":"<p>Felicitaciones\u00a0 a los nuevos portadores de Banderas de la Unidad Acad\u00e9mica Tunuy\u00e1n, Abanderada y Escoltas 2018-2019:<\/p>\n<p>ABANDERADA: Paula Videla<br \/>\n1era ESCOLTA: Natalia Poletto.<br \/>\n2do ESCOLTA: Mat\u00edas Rom\u00e1n<\/p>\n<p>Y agradecemos a Abanderada y Escoltas salientes: Cinthya Funes, Cinthia Torres y Ulises Sep\u00falveda Granda.<\/p>\n<p style=\"text-align: center;\"><div id=\"metaslider-id-3635\" style=\"max-width: 700px;\" class=\"ml-slider-3-33-0 metaslider metaslider-nivo metaslider-3635 ml-slider ms-theme-default\" role=\"region\" aria-roledescription=\"Slideshow\" aria-label=\"Slideshow\">\n    <div id=\"metaslider_container_3635\">\n        <div class='slider-wrapper theme-default'><div class='ribbon'><\/div><div id='metaslider_3635' class='nivoSlider'><\/div><\/div>\n        \n    <\/div>\n<\/div><\/p>\n","protected":false},"excerpt":{"rendered":"<p>Felicitaciones\u00a0 a los nuevos portadores de Banderas de la Unidad Acad\u00e9mica Tunuy\u00e1n, Abanderada y Escoltas 2018-2019: ABANDERADA: Paula Videla 1era ESCOLTA: Natalia Poletto. 2do ESCOLTA: Mat\u00edas Rom\u00e1n Y agradecemos a Abanderada y Escoltas salientes: Cinthya Funes, Cinthia Torres y Ulises Sep\u00falveda Granda.<\/p>\n","protected":false},"author":1635,"featured_media":0,"comment_status":"closed","ping_status":"open","sticky":false,"template":"","format":"standard","meta":[],"categories":[22],"tags":[],"acf":[],"_links":{"self":[{"href":"https:\/\/ies9009-infd.mendoza.edu.ar\/sitio\/wp-json\/wp\/v2\/posts\/3657"}],"collection":[{"href":"https:\/\/ies9009-infd.mendoza.edu.ar\/sitio\/wp-json\/wp\/v2\/posts"}],"about":[{"href":"https:\/\/ies9009-infd.mendoza.edu.ar\/sitio\/wp-json\/wp\/v2\/types\/post"}],"author":[{"embeddable":true,"href":"https:\/\/ies9009-infd.mendoza.edu.ar\/sitio\/wp-json\/wp\/v2\/users\/1635"}],"replies":[{"embeddable":true,"href":"https:\/\/ies9009-infd.mendoza.edu.ar\/sitio\/wp-json\/wp\/v2\/comments?post=3657"}],"version-history":[{"count":1,"href":"https:\/\/ies9009-infd.mendoza.edu.ar\/sitio\/wp-json\/wp\/v2\/posts\/3657\/revisions"}],"predecessor-version":[{"id":3658,"href":"https:\/\/ies9009-infd.mendoza.edu.ar\/sitio\/wp-json\/wp\/v2\/posts\/3657\/revisions\/3658"}],"wp:attachment":[{"href":"https:\/\/ies9009-infd.mendoza.edu.ar\/sitio\/wp-json\/wp\/v2\/media?parent=3657"}],"wp:term":[{"taxonomy":"category","embeddable":true,"href":"https:\/\/ies9009-infd.mendoza.edu.ar\/sitio\/wp-json\/wp\/v2\/categories?post=3657"},{"taxonomy":"post_tag","embeddable":true,"href":"https:\/\/ies9009-infd.mendoza.edu.ar\/sitio\/wp-json\/wp\/v2\/tags?post=3657"}],"curies":[{"name":"wp","href":"https:\/\/api.w.org\/{rel}","templated":true}]}}