{"id":3935,"date":"2018-11-30T17:01:26","date_gmt":"2018-11-30T20:01:26","guid":{"rendered":"https:\/\/ies9009-mza.infd.edu.ar\/sitio\/?p=3935"},"modified":"2020-02-21T14:57:32","modified_gmt":"2020-02-21T17:57:32","slug":"investigacion-el-campo-de-las-practicas-en-la-formacion-docente-inicial","status":"publish","type":"post","link":"https:\/\/ies9009-infd.mendoza.edu.ar\/sitio\/investigacion-el-campo-de-las-practicas-en-la-formacion-docente-inicial\/","title":{"rendered":"INVESTIGACI\u00d3N \u00abEL CAMPO DE LAS PR\u00c1CTICAS EN LA FORMACI\u00d3N DOCENTE INICIAL\u00bb"},"content":{"rendered":"<p>En el marco del IV ENCUENTRO ESTUDIO NACIONAL 2017\u20132018 \u00abEl campo de las pr\u00e1cticas en la formaci\u00f3n docente inicial\u201d organizado por el INFOD. El equipo Provincial del IES 9-009 particip\u00f3 de la presentaci\u00f3n de un intenso trabajo de investigaci\u00f3n iniciado en septiembre de 2017 .<\/p>\n<p><img decoding=\"async\" loading=\"lazy\" class=\"size-full wp-image-3909 aligncenter\" src=\"https:\/\/ies9009-infd.mendoza.edu.ar\/sitio\/wp-content\/uploads\/2018\/11\/investig-campo2.jpg\" alt=\"\" width=\"448\" height=\"252\" \/><\/p>\n<p>Estuvieron presentes autoridades gubernamentales que dieron su devoluci\u00f3n de los resultados de tan relevante proyecto. Equipo provincial conformado por<br \/>\nCoordinador: Daniel Mart\u00edn<br \/>\nCo-Coordinadora: Silvia Longo<br \/>\nAsistentes de campo: Daniela Orellano, Andrea Gallardo, Mar\u00eda Cecilia Silva<\/p>\n<p>Felicitaciones EQUIPO<\/p>\n","protected":false},"excerpt":{"rendered":"<p>En el marco del IV ENCUENTRO ESTUDIO NACIONAL 2017\u20132018 \u00abEl campo de las pr\u00e1cticas en la formaci\u00f3n docente inicial\u201d organizado por el INFOD. El equipo Provincial del IES 9-009 particip\u00f3 de la presentaci\u00f3n de un intenso trabajo de investigaci\u00f3n iniciado en septiembre de 2017 . Estuvieron presentes autoridades gubernamentales que dieron su devoluci\u00f3n de los &#8230; <a title=\"INVESTIGACI\u00d3N \u00abEL CAMPO DE LAS PR\u00c1CTICAS EN LA FORMACI\u00d3N DOCENTE INICIAL\u00bb\" class=\"read-more\" href=\"https:\/\/ies9009-infd.mendoza.edu.ar\/sitio\/investigacion-el-campo-de-las-practicas-en-la-formacion-docente-inicial\/\" aria-label=\"More on INVESTIGACI\u00d3N \u00abEL CAMPO DE LAS PR\u00c1CTICAS EN LA FORMACI\u00d3N DOCENTE INICIAL\u00bb\">[+]<\/a><\/p>\n","protected":false},"author":1635,"featured_media":0,"comment_status":"closed","ping_status":"open","sticky":false,"template":"","format":"standard","meta":[],"categories":[19],"tags":[97],"acf":[],"_links":{"self":[{"href":"https:\/\/ies9009-infd.mendoza.edu.ar\/sitio\/wp-json\/wp\/v2\/posts\/3935"}],"collection":[{"href":"https:\/\/ies9009-infd.mendoza.edu.ar\/sitio\/wp-json\/wp\/v2\/posts"}],"about":[{"href":"https:\/\/ies9009-infd.mendoza.edu.ar\/sitio\/wp-json\/wp\/v2\/types\/post"}],"author":[{"embeddable":true,"href":"https:\/\/ies9009-infd.mendoza.edu.ar\/sitio\/wp-json\/wp\/v2\/users\/1635"}],"replies":[{"embeddable":true,"href":"https:\/\/ies9009-infd.mendoza.edu.ar\/sitio\/wp-json\/wp\/v2\/comments?post=3935"}],"version-history":[{"count":1,"href":"https:\/\/ies9009-infd.mendoza.edu.ar\/sitio\/wp-json\/wp\/v2\/posts\/3935\/revisions"}],"predecessor-version":[{"id":3936,"href":"https:\/\/ies9009-infd.mendoza.edu.ar\/sitio\/wp-json\/wp\/v2\/posts\/3935\/revisions\/3936"}],"wp:attachment":[{"href":"https:\/\/ies9009-infd.mendoza.edu.ar\/sitio\/wp-json\/wp\/v2\/media?parent=3935"}],"wp:term":[{"taxonomy":"category","embeddable":true,"href":"https:\/\/ies9009-infd.mendoza.edu.ar\/sitio\/wp-json\/wp\/v2\/categories?post=3935"},{"taxonomy":"post_tag","embeddable":true,"href":"https:\/\/ies9009-infd.mendoza.edu.ar\/sitio\/wp-json\/wp\/v2\/tags?post=3935"}],"curies":[{"name":"wp","href":"https:\/\/api.w.org\/{rel}","templated":true}]}}