{"id":4122,"date":"2018-12-21T08:14:22","date_gmt":"2018-12-21T11:14:22","guid":{"rendered":"https:\/\/ies9009-mza.infd.edu.ar\/sitio\/?p=4122"},"modified":"2020-02-21T14:57:32","modified_gmt":"2020-02-21T17:57:32","slug":"egresados-2018-del-postitulo-tic-aplicadas-a-la-educacion","status":"publish","type":"post","link":"https:\/\/ies9009-infd.mendoza.edu.ar\/sitio\/egresados-2018-del-postitulo-tic-aplicadas-a-la-educacion\/","title":{"rendered":"Egresados 2018 del Post\u00edtulo TIC aplicadas a la Educaci\u00f3n"},"content":{"rendered":"<p>\u00a1Felicitaciones a los nuevos 28 Especialistas en TIC aplicadas a la educaci\u00f3n!<\/p>\n<p>El pasado s\u00e1bado 15 de diciembre se recibieron 28 especialistas luego de cursar durante dos a\u00f1os, con modalidad semipresencial, y tras exponer sus trabajos y aprendizajes logrados mediante la implementaci\u00f3n en sus aulas de todo aquello que fueron apropi\u00e1ndose durante esta especializaci\u00f3n.<\/p>\n<p>Tanto los profesores como los directivos de la instituci\u00f3n manifestaron la alegr\u00eda de escuchar sus exposiciones en la que queda de manifiesto el profesionalismo con el que abordaron esta capacitaci\u00f3n de posgrado.<\/p>\n<p>Les compartimos a continuaci\u00f3n sus sitios web que fueron los trabajos finales preparados con el objetivo de compartir sus nuevos conocimientos con todos los interesados en profundizar sobre los beneficios y potencialidades que otorgan las TIC en la educaci\u00f3n:<\/p>\n<ul>\n<li>Esp. Araya Aisha Maiara: <a href=\"https:\/\/sites.google.com\/view\/arayaaisham\/tic-la-innovaci%C3%B3n-educativa\">TIC: innovaci\u00f3n educativa<\/a><\/li>\n<li>Esp. Arias Ricardo Armando: <a href=\"https:\/\/sites.google.com\/view\/educacionynuevastecnologiastic\/nuevas-tecnologias-en-la-pedagogia\">Capacitaci\u00f3n Docente en TIC<\/a><\/li>\n<li>Esp. Aveiro Romina Gisel: <a href=\"https:\/\/sites.google.com\/site\/romiveiro\/alfabetizaci\u00f3n-digital\">El docente y la alfabetizaci\u00f3n digital<\/a><\/li>\n<li>Esp. \u00c1vila\u00a0 Mariana: <a href=\"https:\/\/sites.google.com\/view\/marianaavila\/p%C3%A1gina-principal\">De las manos con las TIC<\/a><\/li>\n<li>Esp. Buenanueva Nancy Lourdes: <a href=\"https:\/\/sites.google.com\/view\/buenanuevanancy\/bienvenidos-a-las-tic\">Bienvenidos a las TIC<\/a><\/li>\n<li>Esp. Bullaude Silvana Andrea: <a href=\"https:\/\/sites.google.com\/view\/silvanaandreabullaude\/aprender-de-un-modo-diferente-en-tiempos-digitales\">Aprender de un modo diferente, en tiempos digitales<\/a><\/li>\n<li>Esp. Cimarelli Pocovi M\u00f3nica Danisa: <a href=\"https:\/\/sites.google.com\/site\/monicacimarelli2017\/home\">Aprendamos a aprender<\/a><\/li>\n<li>Esp. Coronado Natalia: <a href=\"https:\/\/sites.google.com\/view\/nataliacoronado\/p%C3%A1gina-principal\">Abriendo los ojos a un nuevo mundo<\/a><\/li>\n<li>Esp. De Marchi Dora N\u00e9lida: <a href=\"https:\/\/sites.google.com\/site\/dorademarchi61\/\">El docente en el contexto digital<\/a><\/li>\n<li>Esp. Erice Mar\u00eda Julia: <a href=\"https:\/\/sites.google.com\/view\/sitio-ticenelaula\/las-tic-en-el-aula\">Las TIC en el aula<\/a><\/li>\n<li>Esp. Gonz\u00e1lez Cecilia: <a href=\"https:\/\/sites.google.com\/site\/ceciliagonzalezmartin1107\/home\">Cambios en la educaci\u00f3n<\/a><\/li>\n<li>Esp. Granero Mar\u00eda Valeria: <a href=\"https:\/\/sites.google.com\/view\/graneromariavaleria\/p%C3%A1gina-principal\">Educaci\u00f3n para el S XXI<\/a><\/li>\n<li>Esp. Gugliotti Mariela Carolina: <a href=\"https:\/\/sites.google.com\/site\/vmlve2017\/home\">Aprender y crear con las TIC<\/a><\/li>\n<li>Esp. L\u00f3pez Alejandro: <a href=\"https:\/\/sites.google.com\/view\/alelopez\/la-nueva-educaci\u00f3n-digital\">La Nueva Educaci\u00f3n Digital<\/a><\/li>\n<li>Esp. Lussiano Patricia Vanesa: <a href=\"https:\/\/sites.google.com\/view\/lussianopatricia\/qu\u00e9-sabemos-de-tic\">\u00bfQu\u00e9 sabemos de TIC?<\/a><\/li>\n<li>Esp. Maldonado Andrea: <a href=\"https:\/\/sites.google.com\/view\/andre125conocimientos\/presentaci\u00f3n\">La formaci\u00f3n docente y las TIC<\/a><\/li>\n<li>Esp. Mansuino Romina Elisa: <a href=\"https:\/\/sites.google.com\/site\/rominamansuino\/\">Un desaf\u00edo del Nivel Inicial, incluir experiencias con TIC<\/a><\/li>\n<li>Esp. Meneses Guisasola Marlene Ivette: <a href=\"https:\/\/sites.google.com\/site\/registrodelusodetic\/home\">TIC aplicadas a la educaci\u00f3n<\/a><\/li>\n<li>Esp. Mercau Mar\u00eda Cristina: <a href=\"https:\/\/sites.google.com\/site\/cmercautic\/\">Si te atreves a ense\u00f1ar, nunca dejes de aprender <\/a><\/li>\n<li>Esp. Molina Mar\u00eda Elisa: <a href=\"https:\/\/sites.google.com\/view\/molinamariaelisa\/p%C3%A1gina-principal\">TIC en la Educaci\u00f3n<\/a><\/li>\n<li>Esp. Moraga Ochoa Cintia Florencia: <a href=\"https:\/\/sites.google.com\/view\/moragacintiaflorencia\/p%C3%A1gina-principal\">Aprendices 2.0<\/a><\/li>\n<li>Esp. Olivencia Rosana Beatriz: <a href=\"https:\/\/sites.google.com\/site\/ensenanzaytecnologiatic\/home\">Ense\u00f1anza y tecnolog\u00eda<\/a><\/li>\n<li>Esp. Orellano Daniela Bel\u00e9n: <a href=\"https:\/\/sites.google.com\/view\/daniela-orellano\/tic-y-educaci%C3%B3n\">TIC y Educaci\u00f3n<\/a><\/li>\n<li>Esp. Padilla Salinas Natalia Beatriz: <a href=\"https:\/\/sites.google.com\/view\/padillasalinasnatalia\/nuevas-tecnolog%C3%ADas-en-la-educaci%C3%B3n\">Nuevas tecnolog\u00edas en la educaci\u00f3n<\/a><\/li>\n<li>Esp. Palacio Dora N\u00e9lida: <a href=\"https:\/\/sites.google.com\/site\/palaciodoris17\/home\">Usar las tecnolog\u00edas en el aula<\/a><\/li>\n<li>Esp. S\u00e1nchez Saguas Mar\u00eda: <a href=\"https:\/\/sites.google.com\/view\/maria-alejandra-sanchez\/pagina-principal\">Alejandra: Educaci\u00f3n 2.0<\/a><\/li>\n<li>Esp. Vargas Gladys Noem\u00ed: <a href=\"https:\/\/sites.google.com\/site\/gladysvsilviam\/home\">Aprendices Web 2.0<\/a><\/li>\n<li>Esp. Villegas Lilia Ramona:\u00a0<a href=\"https:\/\/sites.google.com\/view\/especializacinentecnologasdela\/p%C3%A1gina-principal\">Especializaci\u00f3n en Tecnolog\u00edas de la Informaci\u00f3n y la Comunicaci\u00f3n <\/a><\/li>\n<\/ul>\n\n<p style=\"text-align: right;\">\u00a1Muchos \u00e9xitos!<\/p>\n","protected":false},"excerpt":{"rendered":"<p>\u00a1Felicitaciones a los nuevos 28 Especialistas en TIC aplicadas a la educaci\u00f3n! El pasado s\u00e1bado 15 de diciembre se recibieron 28 especialistas luego de cursar durante dos a\u00f1os, con modalidad semipresencial, y tras exponer sus trabajos y aprendizajes logrados mediante la implementaci\u00f3n en sus aulas de todo aquello que fueron apropi\u00e1ndose durante esta especializaci\u00f3n. Tanto &#8230; <a title=\"Egresados 2018 del Post\u00edtulo TIC aplicadas a la Educaci\u00f3n\" class=\"read-more\" href=\"https:\/\/ies9009-infd.mendoza.edu.ar\/sitio\/egresados-2018-del-postitulo-tic-aplicadas-a-la-educacion\/\" aria-label=\"More on Egresados 2018 del Post\u00edtulo TIC aplicadas a la Educaci\u00f3n\">[+]<\/a><\/p>\n","protected":false},"author":1514,"featured_media":0,"comment_status":"closed","ping_status":"open","sticky":false,"template":"","format":"standard","meta":[],"categories":[17],"tags":[],"acf":[],"_links":{"self":[{"href":"https:\/\/ies9009-infd.mendoza.edu.ar\/sitio\/wp-json\/wp\/v2\/posts\/4122"}],"collection":[{"href":"https:\/\/ies9009-infd.mendoza.edu.ar\/sitio\/wp-json\/wp\/v2\/posts"}],"about":[{"href":"https:\/\/ies9009-infd.mendoza.edu.ar\/sitio\/wp-json\/wp\/v2\/types\/post"}],"author":[{"embeddable":true,"href":"https:\/\/ies9009-infd.mendoza.edu.ar\/sitio\/wp-json\/wp\/v2\/users\/1514"}],"replies":[{"embeddable":true,"href":"https:\/\/ies9009-infd.mendoza.edu.ar\/sitio\/wp-json\/wp\/v2\/comments?post=4122"}],"version-history":[{"count":6,"href":"https:\/\/ies9009-infd.mendoza.edu.ar\/sitio\/wp-json\/wp\/v2\/posts\/4122\/revisions"}],"predecessor-version":[{"id":4204,"href":"https:\/\/ies9009-infd.mendoza.edu.ar\/sitio\/wp-json\/wp\/v2\/posts\/4122\/revisions\/4204"}],"wp:attachment":[{"href":"https:\/\/ies9009-infd.mendoza.edu.ar\/sitio\/wp-json\/wp\/v2\/media?parent=4122"}],"wp:term":[{"taxonomy":"category","embeddable":true,"href":"https:\/\/ies9009-infd.mendoza.edu.ar\/sitio\/wp-json\/wp\/v2\/categories?post=4122"},{"taxonomy":"post_tag","embeddable":true,"href":"https:\/\/ies9009-infd.mendoza.edu.ar\/sitio\/wp-json\/wp\/v2\/tags?post=4122"}],"curies":[{"name":"wp","href":"https:\/\/api.w.org\/{rel}","templated":true}]}}