{"id":4195,"date":"2018-12-21T19:01:13","date_gmt":"2018-12-21T22:01:13","guid":{"rendered":"https:\/\/ies9009-mza.infd.edu.ar\/sitio\/?p=4195"},"modified":"2020-02-21T14:57:32","modified_gmt":"2020-02-21T17:57:32","slug":"cierre-de-ano-de-fm-cerrillos-107-3","status":"publish","type":"post","link":"https:\/\/ies9009-infd.mendoza.edu.ar\/sitio\/cierre-de-ano-de-fm-cerrillos-107-3\/","title":{"rendered":"Cierre de a\u00f1o de FM CERRILLOS 107.3"},"content":{"rendered":"<p>Excelente cierre de a\u00f1o de FM CERRILLOS 107.3 la radio de nuestro IES 9009 \u00abTUPUNGATO\u00bb. Felicitaciones a todo el equipo que consolid\u00f3 un espacio de encuentro, aprendizaje, sue\u00f1os, expresi\u00f3n. Estuvieron presentes referentes de los distintos programas y la presencia del equipo de @elarbolrojoradio que hicieron posible que los ni\u00f1os y adolescentes del Centro de Salud Mental Infanto Juvenil N\u00b09 de Tupungato tuvieran un lugar de protagonismo y salud mental. Gracias a todos y reconocimiento especial a sus coordinadoras Pamela Pizarro y Analia Aguilera.<\/p>\n","protected":false},"excerpt":{"rendered":"<p>Excelente cierre de a\u00f1o de FM CERRILLOS 107.3 la radio de nuestro IES 9009 \u00abTUPUNGATO\u00bb. Felicitaciones a todo el equipo que consolid\u00f3 un espacio de encuentro, aprendizaje, sue\u00f1os, expresi\u00f3n. Estuvieron presentes referentes de los distintos programas y la presencia del equipo de @elarbolrojoradio que hicieron posible que los ni\u00f1os y adolescentes del Centro de Salud &#8230; <a title=\"Cierre de a\u00f1o de FM CERRILLOS 107.3\" class=\"read-more\" href=\"https:\/\/ies9009-infd.mendoza.edu.ar\/sitio\/cierre-de-ano-de-fm-cerrillos-107-3\/\" aria-label=\"More on Cierre de a\u00f1o de FM CERRILLOS 107.3\">[+]<\/a><\/p>\n","protected":false},"author":1635,"featured_media":0,"comment_status":"closed","ping_status":"open","sticky":false,"template":"","format":"standard","meta":[],"categories":[31],"tags":[],"acf":[],"_links":{"self":[{"href":"https:\/\/ies9009-infd.mendoza.edu.ar\/sitio\/wp-json\/wp\/v2\/posts\/4195"}],"collection":[{"href":"https:\/\/ies9009-infd.mendoza.edu.ar\/sitio\/wp-json\/wp\/v2\/posts"}],"about":[{"href":"https:\/\/ies9009-infd.mendoza.edu.ar\/sitio\/wp-json\/wp\/v2\/types\/post"}],"author":[{"embeddable":true,"href":"https:\/\/ies9009-infd.mendoza.edu.ar\/sitio\/wp-json\/wp\/v2\/users\/1635"}],"replies":[{"embeddable":true,"href":"https:\/\/ies9009-infd.mendoza.edu.ar\/sitio\/wp-json\/wp\/v2\/comments?post=4195"}],"version-history":[{"count":3,"href":"https:\/\/ies9009-infd.mendoza.edu.ar\/sitio\/wp-json\/wp\/v2\/posts\/4195\/revisions"}],"predecessor-version":[{"id":4202,"href":"https:\/\/ies9009-infd.mendoza.edu.ar\/sitio\/wp-json\/wp\/v2\/posts\/4195\/revisions\/4202"}],"wp:attachment":[{"href":"https:\/\/ies9009-infd.mendoza.edu.ar\/sitio\/wp-json\/wp\/v2\/media?parent=4195"}],"wp:term":[{"taxonomy":"category","embeddable":true,"href":"https:\/\/ies9009-infd.mendoza.edu.ar\/sitio\/wp-json\/wp\/v2\/categories?post=4195"},{"taxonomy":"post_tag","embeddable":true,"href":"https:\/\/ies9009-infd.mendoza.edu.ar\/sitio\/wp-json\/wp\/v2\/tags?post=4195"}],"curies":[{"name":"wp","href":"https:\/\/api.w.org\/{rel}","templated":true}]}}