{"id":7566,"date":"2022-05-18T09:21:07","date_gmt":"2022-05-18T12:21:07","guid":{"rendered":"https:\/\/ies9009-infd.mendoza.edu.ar\/sitio\/?p=7566"},"modified":"2022-05-18T09:21:09","modified_gmt":"2022-05-18T12:21:09","slug":"estudiantes-de-turismo-asistieron-al-primer-en-encuentro-de-un-ciclo-de-charlas-educacon-y-trabajo-comunicacion-afectiva","status":"publish","type":"post","link":"https:\/\/ies9009-infd.mendoza.edu.ar\/sitio\/estudiantes-de-turismo-asistieron-al-primer-en-encuentro-de-un-ciclo-de-charlas-educacon-y-trabajo-comunicacion-afectiva\/","title":{"rendered":"Estudiantes de Turismo asistieron al primer en encuentro de un Ciclo de Charlas: \u00abEducac\u00f3n y trabajo, comunicaci\u00f3n afectiva\u00bb."},"content":{"rendered":"\n<p>El d\u00eda 16 de mayo los estudiantes de la Tecnicatura Superior en Turismo y Hoteler\u00eda participaron de un primer encuentro de un <strong>\u201cCiclo de Charlas\u201d <\/strong>con el tema: <strong>Educaci\u00f3n y Trabajo<\/strong>. Comunicaci\u00f3n efectiva (Tu CV- LinkedIn &#8211; la primera entrevista) a cargo de las siguientes instituciones: Consejo Social UNCUYO &#8211; Organizaci\u00f3n Argentina de J\u00f3venes para las Naciones Unidas &#8211; Bodegas Salentein &#8211; Valos &#8211; Red por la Educaci\u00f3n Mza.<\/p>\n\n\n\n<p>Agradecemos a nuestra Jefa de Formaci\u00f3n Cont\u00ednua Lic. Elizabeth Giaquinta, por la gesti\u00f3n llevada a cabo con dichas instituciones que contribuyen y aportan a la formaci\u00f3n de nuestros estudiantes.<\/p>\n\n\n\n<figure class=\"wp-block-gallery columns-3 is-cropped wp-block-gallery-1 is-layout-flex\"><ul class=\"blocks-gallery-grid\"><li class=\"blocks-gallery-item\"><figure><img decoding=\"async\" loading=\"lazy\" width=\"640\" height=\"288\" src=\"https:\/\/ies9009-infd.mendoza.edu.ar\/sitio\/wp-content\/uploads\/2022\/05\/Ciclocharla2.jpeg\" alt=\"\" data-id=\"7567\" data-full-url=\"https:\/\/ies9009-infd.mendoza.edu.ar\/sitio\/wp-content\/uploads\/2022\/05\/Ciclocharla2.jpeg\" data-link=\"https:\/\/ies9009-infd.mendoza.edu.ar\/sitio\/?attachment_id=7567#main\" class=\"wp-image-7567\"\/><\/figure><\/li><li class=\"blocks-gallery-item\"><figure><img decoding=\"async\" loading=\"lazy\" width=\"640\" height=\"288\" src=\"https:\/\/ies9009-infd.mendoza.edu.ar\/sitio\/wp-content\/uploads\/2022\/05\/Ciclocharla4.jpeg\" alt=\"\" data-id=\"7568\" data-full-url=\"https:\/\/ies9009-infd.mendoza.edu.ar\/sitio\/wp-content\/uploads\/2022\/05\/Ciclocharla4.jpeg\" data-link=\"https:\/\/ies9009-infd.mendoza.edu.ar\/sitio\/?attachment_id=7568#main\" class=\"wp-image-7568\"\/><\/figure><\/li><li class=\"blocks-gallery-item\"><figure><img decoding=\"async\" loading=\"lazy\" width=\"230\" height=\"455\" src=\"https:\/\/ies9009-infd.mendoza.edu.ar\/sitio\/wp-content\/uploads\/2022\/05\/Ciclocharla3.jpeg\" alt=\"\" data-id=\"7569\" data-link=\"https:\/\/ies9009-infd.mendoza.edu.ar\/sitio\/?attachment_id=7569#main\" class=\"wp-image-7569\"\/><\/figure><\/li><li class=\"blocks-gallery-item\"><figure><img decoding=\"async\" loading=\"lazy\" width=\"640\" height=\"288\" src=\"https:\/\/ies9009-infd.mendoza.edu.ar\/sitio\/wp-content\/uploads\/2022\/05\/Ciclocharla1.jpeg\" alt=\"\" data-id=\"7570\" data-full-url=\"https:\/\/ies9009-infd.mendoza.edu.ar\/sitio\/wp-content\/uploads\/2022\/05\/Ciclocharla1.jpeg\" data-link=\"https:\/\/ies9009-infd.mendoza.edu.ar\/sitio\/?attachment_id=7570#main\" class=\"wp-image-7570\"\/><\/figure><\/li><\/ul><\/figure>\n","protected":false},"excerpt":{"rendered":"<p>El d\u00eda 16 de mayo los estudiantes de la Tecnicatura Superior en Turismo y Hoteler\u00eda participaron de un primer encuentro de un \u201cCiclo de Charlas\u201d con el tema: Educaci\u00f3n y Trabajo. Comunicaci\u00f3n efectiva (Tu CV- LinkedIn &#8211; la primera entrevista) a cargo de las siguientes instituciones: Consejo Social UNCUYO &#8211; Organizaci\u00f3n Argentina de J\u00f3venes para &#8230; <a title=\"Estudiantes de Turismo asistieron al primer en encuentro de un Ciclo de Charlas: \u00abEducac\u00f3n y trabajo, comunicaci\u00f3n afectiva\u00bb.\" class=\"read-more\" href=\"https:\/\/ies9009-infd.mendoza.edu.ar\/sitio\/estudiantes-de-turismo-asistieron-al-primer-en-encuentro-de-un-ciclo-de-charlas-educacon-y-trabajo-comunicacion-afectiva\/\" aria-label=\"More on Estudiantes de Turismo asistieron al primer en encuentro de un Ciclo de Charlas: \u00abEducac\u00f3n y trabajo, comunicaci\u00f3n afectiva\u00bb.\">[+]<\/a><\/p>\n","protected":false},"author":1514,"featured_media":7568,"comment_status":"closed","ping_status":"open","sticky":false,"template":"","format":"standard","meta":[],"categories":[18,23],"tags":[115],"acf":[],"_links":{"self":[{"href":"https:\/\/ies9009-infd.mendoza.edu.ar\/sitio\/wp-json\/wp\/v2\/posts\/7566"}],"collection":[{"href":"https:\/\/ies9009-infd.mendoza.edu.ar\/sitio\/wp-json\/wp\/v2\/posts"}],"about":[{"href":"https:\/\/ies9009-infd.mendoza.edu.ar\/sitio\/wp-json\/wp\/v2\/types\/post"}],"author":[{"embeddable":true,"href":"https:\/\/ies9009-infd.mendoza.edu.ar\/sitio\/wp-json\/wp\/v2\/users\/1514"}],"replies":[{"embeddable":true,"href":"https:\/\/ies9009-infd.mendoza.edu.ar\/sitio\/wp-json\/wp\/v2\/comments?post=7566"}],"version-history":[{"count":1,"href":"https:\/\/ies9009-infd.mendoza.edu.ar\/sitio\/wp-json\/wp\/v2\/posts\/7566\/revisions"}],"predecessor-version":[{"id":7571,"href":"https:\/\/ies9009-infd.mendoza.edu.ar\/sitio\/wp-json\/wp\/v2\/posts\/7566\/revisions\/7571"}],"wp:featuredmedia":[{"embeddable":true,"href":"https:\/\/ies9009-infd.mendoza.edu.ar\/sitio\/wp-json\/wp\/v2\/media\/7568"}],"wp:attachment":[{"href":"https:\/\/ies9009-infd.mendoza.edu.ar\/sitio\/wp-json\/wp\/v2\/media?parent=7566"}],"wp:term":[{"taxonomy":"category","embeddable":true,"href":"https:\/\/ies9009-infd.mendoza.edu.ar\/sitio\/wp-json\/wp\/v2\/categories?post=7566"},{"taxonomy":"post_tag","embeddable":true,"href":"https:\/\/ies9009-infd.mendoza.edu.ar\/sitio\/wp-json\/wp\/v2\/tags?post=7566"}],"curies":[{"name":"wp","href":"https:\/\/api.w.org\/{rel}","templated":true}]}}